{"id":520,"date":"2024-05-16T16:18:50","date_gmt":"2024-05-16T14:18:50","guid":{"rendered":"http:\/\/sm-ryf.rybnik.pl\/?p=520"},"modified":"2024-05-23T13:46:10","modified_gmt":"2024-05-23T11:46:10","slug":"walne-zgromadzenie-czlonkow-spoldzielni-mieszkaniowej-ryf-w-rybniku-4","status":"publish","type":"post","link":"https:\/\/sm-ryf.rybnik.pl\/?p=520","title":{"rendered":"Walne Zgromadzenie cz\u0142onk\u00f3w Sp\u00f3\u0142dzielni Mieszkaniowej \u201eRYF\u201d w Rybniku."},"content":{"rendered":"<p style=\"text-align: center;\"><strong>ZAWIADOMIENIE<\/strong><\/p>\n<p>&nbsp;<\/p>\n<p>Na podstawie \u00a7 25 ust.3 i \u00a7 26 Statutu SM \u201eRYF\u201d w Rybniku, zawiadamia si\u0119 wszystkich cz\u0142onk\u00f3w, \u017ce w dniu <strong>6 czerwca 2024r. <\/strong>o godzinie<strong> 16<sup>30<\/sup><\/strong>, w Szkole Podstawowej nr 34 w Rybniku przy ulicy Reymonta 69, odb\u0119dzie si\u0119 Walne Zgromadzenie cz\u0142onk\u00f3w Sp\u00f3\u0142dzielni Mieszkaniowej \u201eRYF\u201d w Rybniku.<\/p>\n<p>&nbsp;<\/p>\n<p>Porz\u0105dek Walnego Zgromadzenia przedstawia si\u0119 nast\u0119puj\u0105co:<\/p>\n<ol>\n<li>Otwarcie obrad (Przewodnicz\u0105cy Rady Nadzorczej).<\/li>\n<li>Odczytanie listy pe\u0142nomocnictw.<\/li>\n<li>Wyb\u00f3r Prezydium WZ (Przewodnicz\u0105cy, Z-ca oraz Sekretarz) oraz Komisji Mandatowo-Skrutacyjnej (2 osoby), Komisji Uchwa\u0142 i Wniosk\u00f3w (2 osoby).<\/li>\n<li>Stwierdzenie prawomocno\u015bci obrad.<\/li>\n<li>Sprawozdanie z dzia\u0142alno\u015bci Zarz\u0105du za 2023r.<\/li>\n<li>Sprawozdanie finansowe za 2023r.<\/li>\n<li>Sprawozdanie z dzia\u0142alno\u015bci Rady Nadzorczej za 2023r.<\/li>\n<li>Dyskusja nad sprawozdaniami.<\/li>\n<li>Podj\u0119cie uchwa\u0142 ws.:<\/li>\n<\/ol>\n<p>&#8211; zatwierdzenia sprawozdania Zarz\u0105du,<\/p>\n<p>&#8211; zatwierdzenie sprawozdania finansowego za 2023r.<\/p>\n<p>&#8211; zatwierdzenie sprawozdania Rady Nadzorczej,<\/p>\n<p>&#8211; udzielenia absolutorium cz\u0142onkom Zarz\u0105du,<\/p>\n<p>&#8211; podj\u0119cie uchwa\u0142y ws. podzia\u0142u nadwy\u017cki bilansowej za 2023r.<\/p>\n<p>&#8211; oznaczenia najwy\u017cszej sumy zobowi\u0105za\u0144<\/p>\n<ol>\n<li>Wolne wnioski<\/li>\n<li>Zamkni\u0119cie obrad.<\/li>\n<\/ol>\n<p>&nbsp;<\/p>\n<p>Projekty uchwa\u0142 b\u0119d\u0105ce przedmiotem obrad oraz inne materia\u0142y zwi\u0105zane z obradami tj. sprawozdanie z dzia\u0142alno\u015bci Zarz\u0105du i Rady Nadzorczej za 2023r, sprawozdanie finansowe za 2023r, b\u0119d\u0105 wy\u0142o\u017cone do wgl\u0105du cz\u0142onkom Sp\u00f3\u0142dzielni w budynku Sp\u00f3\u0142dzielni przy ul. Chrobrego 39, na 14 dni przed terminem WZ.<\/p>\n<p>Cz\u0142onkowie Sp\u00f3\u0142dzielni mog\u0105 zapoznawa\u0107 si\u0119 z powy\u017cszymi materia\u0142ami codziennie od poniedzia\u0142ku do pi\u0105tku w godzinach od 8.00 do 14.00. w siedzibie Sp\u00f3\u0142dzielni oraz na stronie<\/p>\n<p><a href=\"http:\/\/www.sm-ryf.rybnik.pl\"><strong>www.sm-ryf.rybnik.pl<\/strong><\/a><\/p>\n<p>&nbsp;<\/p>\n<p>Ewentualne poprawki do wy\u0142o\u017conych projekt\u00f3w uchwa\u0142 mog\u0105 by\u0107 zg\u0142aszane nie p\u00f3\u017aniej ni\u017c na 3 dni przed posiedzeniem WZ.<\/p>\n<p>W zebraniu mog\u0105 uczestniczy\u0107 cz\u0142onkowie Sp\u00f3\u0142dzielni osobi\u015bcie lub osoby, kt\u00f3re przed\u0142o\u017c\u0105 na WZ orygina\u0142 pe\u0142nomocnictwa udzielonego przez cz\u0142onka Sp\u00f3\u0142dzielni podpisanego przed notariuszem b\u0105d\u017a w obecno\u015bci pracownik\u00f3w Sp\u00f3\u0142dzielni.<\/p>\n<p>Wz\u00f3r pe\u0142nomocnictwa do udzia\u0142u w posiedzeniu WZ mo\u017cna uzyska\u0107 w siedzibie Sp\u00f3\u0142dzielni oraz na stronie internetowej.<\/p>\n<p>&nbsp;<\/p>\n<p>Zapraszamy do udzia\u0142u w Walnym Zgromadzeniu, prosimy o zabranie dokumentu potwierdzaj\u0105cego to\u017csamo\u015b\u0107.<\/p>\n<p>&nbsp;<\/p>\n<p>&nbsp;<\/p>\n<p>Zarz\u0105d SM \u201eRYF\u201d<\/p>\n<p>&nbsp;<\/p>\n<p>Rybnik 14 maja 2024r.<\/p>\n<p><a href=\"http:\/\/sm-ryf.rybnik.pl\/wp-content\/uploads\/2024\/05\/SPRAWOZDANIE-ZARZ\u0104DU-za-2023.pdf\">SPRAWOZDANIE ZARZ\u0104DU za 2023<\/a><\/p>\n<p><a href=\"http:\/\/sm-ryf.rybnik.pl\/wp-content\/uploads\/2024\/05\/SPRAWOZDANIE-FINANSOWE-RYF-ZA-2023.pdf\">SPRAWOZDANIE FINANSOWE RYF ZA 2023<\/a><\/p>\n<p><a href=\"http:\/\/sm-ryf.rybnik.pl\/wp-content\/uploads\/2024\/05\/SPRAWOZDANIE-RADY-NADZORCZEJ-ZA-2023.pdf\">SPRAWOZDANIE RADY NADZORCZEJ ZA 2023<\/a><\/p>\n<p><a href=\"http:\/\/sm-ryf.rybnik.pl\/wp-content\/uploads\/2024\/05\/PROJEKTY-UCHWA\u0141.pdf\">PROJEKTY UCHWA\u0141<\/a><\/p>\n<p><a href=\"http:\/\/sm-ryf.rybnik.pl\/wp-content\/uploads\/2019\/05\/Regulamin-WZ-og\u00f3lny.pdf\">Regulamin WZ og\u00f3lny<\/a><\/p>\n<p><a href=\"http:\/\/sm-ryf.rybnik.pl\/wp-content\/uploads\/2015\/05\/wz\u00f3r-pe\u0142nomocnictwa.pdf\">wz\u00f3r pe\u0142nomocnictwa<\/a><\/p>\n<p>&nbsp;<\/p>\n","protected":false},"excerpt":{"rendered":"<p>ZAWIADOMIENIE &nbsp; Na podstawie \u00a7 25 ust.3 i \u00a7 26 Statutu SM \u201eRYF\u201d w Rybniku, zawiadamia si\u0119 wszystkich cz\u0142onk\u00f3w, \u017ce w dniu 6 czerwca 2024r. o godzinie 1630, w Szkole Podstawowej nr 34 w Rybniku przy ulicy Reymonta 69, odb\u0119dzie si\u0119 Walne Zgromadzenie cz\u0142onk\u00f3w Sp\u00f3\u0142dzielni Mieszkaniowej \u201eRYF\u201d w Rybniku. &nbsp; Porz\u0105dek Walnego Zgromadzenia przedstawia si\u0119 [&hellip;]<\/p>\n","protected":false},"author":1,"featured_media":0,"comment_status":"closed","ping_status":"open","sticky":false,"template":"","format":"standard","meta":{"footnotes":""},"categories":[2,1],"tags":[],"class_list":["post-520","post","type-post","status-publish","format-standard","hentry","category-aktualnosci","category-bez-kategorii"],"_links":{"self":[{"href":"https:\/\/sm-ryf.rybnik.pl\/index.php?rest_route=\/wp\/v2\/posts\/520","targetHints":{"allow":["GET"]}}],"collection":[{"href":"https:\/\/sm-ryf.rybnik.pl\/index.php?rest_route=\/wp\/v2\/posts"}],"about":[{"href":"https:\/\/sm-ryf.rybnik.pl\/index.php?rest_route=\/wp\/v2\/types\/post"}],"author":[{"embeddable":true,"href":"https:\/\/sm-ryf.rybnik.pl\/index.php?rest_route=\/wp\/v2\/users\/1"}],"replies":[{"embeddable":true,"href":"https:\/\/sm-ryf.rybnik.pl\/index.php?rest_route=%2Fwp%2Fv2%2Fcomments&post=520"}],"version-history":[{"count":3,"href":"https:\/\/sm-ryf.rybnik.pl\/index.php?rest_route=\/wp\/v2\/posts\/520\/revisions"}],"predecessor-version":[{"id":528,"href":"https:\/\/sm-ryf.rybnik.pl\/index.php?rest_route=\/wp\/v2\/posts\/520\/revisions\/528"}],"wp:attachment":[{"href":"https:\/\/sm-ryf.rybnik.pl\/index.php?rest_route=%2Fwp%2Fv2%2Fmedia&parent=520"}],"wp:term":[{"taxonomy":"category","embeddable":true,"href":"https:\/\/sm-ryf.rybnik.pl\/index.php?rest_route=%2Fwp%2Fv2%2Fcategories&post=520"},{"taxonomy":"post_tag","embeddable":true,"href":"https:\/\/sm-ryf.rybnik.pl\/index.php?rest_route=%2Fwp%2Fv2%2Ftags&post=520"}],"curies":[{"name":"wp","href":"https:\/\/api.w.org\/{rel}","templated":true}]}}